{"id":1323,"date":"2017-10-07T17:45:01","date_gmt":"2017-10-07T15:45:01","guid":{"rendered":"http:\/\/la-colonie.org\/public\/?p=1323"},"modified":"2020-05-10T19:57:07","modified_gmt":"2020-05-10T17:57:07","slug":"souvenirs-de-fetes","status":"publish","type":"post","link":"https:\/\/la-colonie.org\/public\/article\/souvenirs-de-fetes\/","title":{"rendered":"Souvenirs de f\u00eates"},"content":{"rendered":"Vous devez \u00eatre connect\u00e9 pour voir ce contenu.","protected":false},"excerpt":{"rendered":"Vous devez \u00eatre connect\u00e9 pour voir ce contenu.","protected":false},"author":1,"featured_media":0,"comment_status":"closed","ping_status":"closed","sticky":false,"template":"","format":"standard","meta":{"advgb_blocks_editor_width":"","advgb_blocks_columns_visual_guide":"","_exactmetrics_skip_tracking":false,"_exactmetrics_sitenote_active":false,"_exactmetrics_sitenote_note":"","_exactmetrics_sitenote_category":0,"footnotes":""},"categories":[14],"tags":[],"class_list":["post-1323","post","type-post","status-publish","format-standard","hentry","category-fetes"],"yoast_head":"<!-- This site is optimized with the Yoast SEO plugin v26.1.1 - https:\/\/yoast.com\/wordpress\/plugins\/seo\/ -->\n<title>Souvenirs de f\u00eates - La Colonie de Cond\u00e9-sur-Vesgre<\/title>\n<meta name=\"description\" content=\"Souvenirs de f\u00eates\" \/>\n<meta name=\"robots\" content=\"noindex, follow\" \/>\n<meta property=\"og:locale\" content=\"fr_FR\" \/>\n<meta property=\"og:type\" content=\"article\" \/>\n<meta property=\"og:title\" content=\"Souvenirs de f\u00eates - La Colonie de Cond\u00e9-sur-Vesgre\" \/>\n<meta property=\"og:description\" content=\"Souvenirs de f\u00eates\" \/>\n<meta property=\"og:url\" content=\"https:\/\/la-colonie.org\/public\/article\/souvenirs-de-fetes\/\" \/>\n<meta property=\"og:site_name\" content=\"La Colonie de Cond\u00e9-sur-Vesgre\" \/>\n<meta property=\"article:published_time\" content=\"2017-10-07T15:45:01+00:00\" \/>\n<meta property=\"article:modified_time\" content=\"2020-05-10T17:57:07+00:00\" \/>\n<meta name=\"author\" content=\"admin\" \/>\n<meta name=\"twitter:card\" content=\"summary_large_image\" \/>\n<meta name=\"twitter:label1\" content=\"\u00c9crit par\" \/>\n\t<meta name=\"twitter:data1\" content=\"admin\" \/>\n<script type=\"application\/ld+json\" class=\"yoast-schema-graph\">{\"@context\":\"https:\/\/schema.org\",\"@graph\":[{\"@type\":\"Article\",\"@id\":\"https:\/\/la-colonie.org\/public\/article\/souvenirs-de-fetes\/#article\",\"isPartOf\":{\"@id\":\"https:\/\/la-colonie.org\/public\/article\/souvenirs-de-fetes\/\"},\"author\":{\"name\":\"admin\",\"@id\":\"https:\/\/la-colonie.org\/public\/#\/schema\/person\/d9063d8fe5dc58819415fda131fbf49f\"},\"headline\":\"Souvenirs de f\u00eates\",\"datePublished\":\"2017-10-07T15:45:01+00:00\",\"dateModified\":\"2020-05-10T17:57:07+00:00\",\"mainEntityOfPage\":{\"@id\":\"https:\/\/la-colonie.org\/public\/article\/souvenirs-de-fetes\/\"},\"wordCount\":44,\"publisher\":{\"@id\":\"https:\/\/la-colonie.org\/public\/#organization\"},\"articleSection\":[\"F\u00eates\"],\"inLanguage\":\"fr-FR\"},{\"@type\":\"WebPage\",\"@id\":\"https:\/\/la-colonie.org\/public\/article\/souvenirs-de-fetes\/\",\"url\":\"https:\/\/la-colonie.org\/public\/article\/souvenirs-de-fetes\/\",\"name\":\"Souvenirs de f\u00eates - La Colonie de Cond\u00e9-sur-Vesgre\",\"isPartOf\":{\"@id\":\"https:\/\/la-colonie.org\/public\/#website\"},\"datePublished\":\"2017-10-07T15:45:01+00:00\",\"dateModified\":\"2020-05-10T17:57:07+00:00\",\"description\":\"Souvenirs de f\u00eates\",\"breadcrumb\":{\"@id\":\"https:\/\/la-colonie.org\/public\/article\/souvenirs-de-fetes\/#breadcrumb\"},\"inLanguage\":\"fr-FR\",\"potentialAction\":[{\"@type\":\"ReadAction\",\"target\":[\"https:\/\/la-colonie.org\/public\/article\/souvenirs-de-fetes\/\"]}]},{\"@type\":\"BreadcrumbList\",\"@id\":\"https:\/\/la-colonie.org\/public\/article\/souvenirs-de-fetes\/#breadcrumb\",\"itemListElement\":[{\"@type\":\"ListItem\",\"position\":1,\"name\":\"Accueil\",\"item\":\"https:\/\/la-colonie.org\/public\/\"},{\"@type\":\"ListItem\",\"position\":2,\"name\":\"Souvenirs de f\u00eates\"}]},{\"@type\":\"WebSite\",\"@id\":\"https:\/\/la-colonie.org\/public\/#website\",\"url\":\"https:\/\/la-colonie.org\/public\/\",\"name\":\"La Colonie de Cond\u00e9-sur-Vesgre\",\"description\":\"Un phalanst\u00e8re subsiste pr\u00e8s de Paris !\",\"publisher\":{\"@id\":\"https:\/\/la-colonie.org\/public\/#organization\"},\"potentialAction\":[{\"@type\":\"SearchAction\",\"target\":{\"@type\":\"EntryPoint\",\"urlTemplate\":\"https:\/\/la-colonie.org\/public\/?s={search_term_string}\"},\"query-input\":{\"@type\":\"PropertyValueSpecification\",\"valueRequired\":true,\"valueName\":\"search_term_string\"}}],\"inLanguage\":\"fr-FR\"},{\"@type\":\"Organization\",\"@id\":\"https:\/\/la-colonie.org\/public\/#organization\",\"name\":\"La Colonie de Cond\u00e9-sur-Vesgre\",\"url\":\"https:\/\/la-colonie.org\/public\/\",\"logo\":{\"@type\":\"ImageObject\",\"inLanguage\":\"fr-FR\",\"@id\":\"https:\/\/la-colonie.org\/public\/#\/schema\/logo\/image\/\",\"url\":\"https:\/\/www.la-colonie.org\/public\/wp-content\/medias\/2018\/02\/Colonie_petit_logo.jpg\",\"contentUrl\":\"https:\/\/www.la-colonie.org\/public\/wp-content\/medias\/2018\/02\/Colonie_petit_logo.jpg\",\"width\":120,\"height\":120,\"caption\":\"La Colonie de Cond\u00e9-sur-Vesgre\"},\"image\":{\"@id\":\"https:\/\/la-colonie.org\/public\/#\/schema\/logo\/image\/\"}},{\"@type\":\"Person\",\"@id\":\"https:\/\/la-colonie.org\/public\/#\/schema\/person\/d9063d8fe5dc58819415fda131fbf49f\",\"name\":\"admin\",\"image\":{\"@type\":\"ImageObject\",\"inLanguage\":\"fr-FR\",\"@id\":\"https:\/\/la-colonie.org\/public\/#\/schema\/person\/image\/\",\"url\":\"https:\/\/secure.gravatar.com\/avatar\/10ad19c2aecf2c44ee3d5d28333be85418946aaa8c14996a18506786a8dbc1a9?s=96&d=mm&r=g\",\"contentUrl\":\"https:\/\/secure.gravatar.com\/avatar\/10ad19c2aecf2c44ee3d5d28333be85418946aaa8c14996a18506786a8dbc1a9?s=96&d=mm&r=g\",\"caption\":\"admin\"}}]}<\/script>\n<!-- \/ Yoast SEO plugin. -->","yoast_head_json":{"title":"Souvenirs de f\u00eates - La Colonie de Cond\u00e9-sur-Vesgre","description":"Souvenirs de f\u00eates","robots":{"index":"noindex","follow":"follow"},"og_locale":"fr_FR","og_type":"article","og_title":"Souvenirs de f\u00eates - La Colonie de Cond\u00e9-sur-Vesgre","og_description":"Souvenirs de f\u00eates","og_url":"https:\/\/la-colonie.org\/public\/article\/souvenirs-de-fetes\/","og_site_name":"La Colonie de Cond\u00e9-sur-Vesgre","article_published_time":"2017-10-07T15:45:01+00:00","article_modified_time":"2020-05-10T17:57:07+00:00","author":"admin","twitter_card":"summary_large_image","twitter_misc":{"\u00c9crit par":"admin"},"schema":{"@context":"https:\/\/schema.org","@graph":[{"@type":"Article","@id":"https:\/\/la-colonie.org\/public\/article\/souvenirs-de-fetes\/#article","isPartOf":{"@id":"https:\/\/la-colonie.org\/public\/article\/souvenirs-de-fetes\/"},"author":{"name":"admin","@id":"https:\/\/la-colonie.org\/public\/#\/schema\/person\/d9063d8fe5dc58819415fda131fbf49f"},"headline":"Souvenirs de f\u00eates","datePublished":"2017-10-07T15:45:01+00:00","dateModified":"2020-05-10T17:57:07+00:00","mainEntityOfPage":{"@id":"https:\/\/la-colonie.org\/public\/article\/souvenirs-de-fetes\/"},"wordCount":44,"publisher":{"@id":"https:\/\/la-colonie.org\/public\/#organization"},"articleSection":["F\u00eates"],"inLanguage":"fr-FR"},{"@type":"WebPage","@id":"https:\/\/la-colonie.org\/public\/article\/souvenirs-de-fetes\/","url":"https:\/\/la-colonie.org\/public\/article\/souvenirs-de-fetes\/","name":"Souvenirs de f\u00eates - La Colonie de Cond\u00e9-sur-Vesgre","isPartOf":{"@id":"https:\/\/la-colonie.org\/public\/#website"},"datePublished":"2017-10-07T15:45:01+00:00","dateModified":"2020-05-10T17:57:07+00:00","description":"Souvenirs de f\u00eates","breadcrumb":{"@id":"https:\/\/la-colonie.org\/public\/article\/souvenirs-de-fetes\/#breadcrumb"},"inLanguage":"fr-FR","potentialAction":[{"@type":"ReadAction","target":["https:\/\/la-colonie.org\/public\/article\/souvenirs-de-fetes\/"]}]},{"@type":"BreadcrumbList","@id":"https:\/\/la-colonie.org\/public\/article\/souvenirs-de-fetes\/#breadcrumb","itemListElement":[{"@type":"ListItem","position":1,"name":"Accueil","item":"https:\/\/la-colonie.org\/public\/"},{"@type":"ListItem","position":2,"name":"Souvenirs de f\u00eates"}]},{"@type":"WebSite","@id":"https:\/\/la-colonie.org\/public\/#website","url":"https:\/\/la-colonie.org\/public\/","name":"La Colonie de Cond\u00e9-sur-Vesgre","description":"Un phalanst\u00e8re subsiste pr\u00e8s de Paris !","publisher":{"@id":"https:\/\/la-colonie.org\/public\/#organization"},"potentialAction":[{"@type":"SearchAction","target":{"@type":"EntryPoint","urlTemplate":"https:\/\/la-colonie.org\/public\/?s={search_term_string}"},"query-input":{"@type":"PropertyValueSpecification","valueRequired":true,"valueName":"search_term_string"}}],"inLanguage":"fr-FR"},{"@type":"Organization","@id":"https:\/\/la-colonie.org\/public\/#organization","name":"La Colonie de Cond\u00e9-sur-Vesgre","url":"https:\/\/la-colonie.org\/public\/","logo":{"@type":"ImageObject","inLanguage":"fr-FR","@id":"https:\/\/la-colonie.org\/public\/#\/schema\/logo\/image\/","url":"https:\/\/www.la-colonie.org\/public\/wp-content\/medias\/2018\/02\/Colonie_petit_logo.jpg","contentUrl":"https:\/\/www.la-colonie.org\/public\/wp-content\/medias\/2018\/02\/Colonie_petit_logo.jpg","width":120,"height":120,"caption":"La Colonie de Cond\u00e9-sur-Vesgre"},"image":{"@id":"https:\/\/la-colonie.org\/public\/#\/schema\/logo\/image\/"}},{"@type":"Person","@id":"https:\/\/la-colonie.org\/public\/#\/schema\/person\/d9063d8fe5dc58819415fda131fbf49f","name":"admin","image":{"@type":"ImageObject","inLanguage":"fr-FR","@id":"https:\/\/la-colonie.org\/public\/#\/schema\/person\/image\/","url":"https:\/\/secure.gravatar.com\/avatar\/10ad19c2aecf2c44ee3d5d28333be85418946aaa8c14996a18506786a8dbc1a9?s=96&d=mm&r=g","contentUrl":"https:\/\/secure.gravatar.com\/avatar\/10ad19c2aecf2c44ee3d5d28333be85418946aaa8c14996a18506786a8dbc1a9?s=96&d=mm&r=g","caption":"admin"}}]}},"author_meta":{"display_name":"admin","author_link":"https:\/\/la-colonie.org\/public\/article\/author\/admin\/"},"featured_img":null,"coauthors":[],"tax_additional":{"categories":{"linked":["<a href=\"https:\/\/la-colonie.org\/public\/article\/category\/fetes\/\" class=\"advgb-post-tax-term\">F\u00eates<\/a>"],"unlinked":["<span class=\"advgb-post-tax-term\">F\u00eates<\/span>"]}},"comment_count":"0","relative_dates":{"created":"Publi\u00e9 9 ans il y a","modified":"Mis \u00e0 jour 6 ans il y a"},"absolute_dates":{"created":"Publi\u00e9 le 7 octobre 2017","modified":"Mise \u00e0 jour le 10 mai 2020"},"absolute_dates_time":{"created":"Publi\u00e9 le 7 octobre 2017 17:45","modified":"Mise \u00e0 jour le 10 mai 2020 19:57"},"featured_img_caption":"","series_order":"","_links":{"self":[{"href":"https:\/\/la-colonie.org\/public\/wp-json\/wp\/v2\/posts\/1323","targetHints":{"allow":["GET"]}}],"collection":[{"href":"https:\/\/la-colonie.org\/public\/wp-json\/wp\/v2\/posts"}],"about":[{"href":"https:\/\/la-colonie.org\/public\/wp-json\/wp\/v2\/types\/post"}],"author":[{"embeddable":true,"href":"https:\/\/la-colonie.org\/public\/wp-json\/wp\/v2\/users\/1"}],"replies":[{"embeddable":true,"href":"https:\/\/la-colonie.org\/public\/wp-json\/wp\/v2\/comments?post=1323"}],"version-history":[{"count":5,"href":"https:\/\/la-colonie.org\/public\/wp-json\/wp\/v2\/posts\/1323\/revisions"}],"predecessor-version":[{"id":2359,"href":"https:\/\/la-colonie.org\/public\/wp-json\/wp\/v2\/posts\/1323\/revisions\/2359"}],"wp:attachment":[{"href":"https:\/\/la-colonie.org\/public\/wp-json\/wp\/v2\/media?parent=1323"}],"wp:term":[{"taxonomy":"category","embeddable":true,"href":"https:\/\/la-colonie.org\/public\/wp-json\/wp\/v2\/categories?post=1323"},{"taxonomy":"post_tag","embeddable":true,"href":"https:\/\/la-colonie.org\/public\/wp-json\/wp\/v2\/tags?post=1323"}],"curies":[{"name":"wp","href":"https:\/\/api.w.org\/{rel}","templated":true}]}}